{"id":4156,"date":"2019-04-05T18:00:08","date_gmt":"2019-04-05T16:00:08","guid":{"rendered":"https:\/\/ohrpost.com\/blog\/?p=4156"},"modified":"2019-04-05T17:11:28","modified_gmt":"2019-04-05T15:11:28","slug":"musikmesse-2019-prolight-sound-2019-wird-die-musikmesse-abgeschafft-ein-fazit","status":"publish","type":"post","link":"https:\/\/ohrpost.com\/blog\/magazin\/musikmesse-2019-prolight-sound-2019-wird-die-musikmesse-abgeschafft-ein-fazit_4156","title":{"rendered":"Musikmesse 2019 \/ ProLight + Sound 2019 &#8211; Wird die Musikmesse abgeschafft? Ein Fazit!"},"content":{"rendered":"<p><\/span>Zur Stunde schlie\u00dft die Messe Frankfurt die Pforten und die Musikmesse bzw. ProLight+Sound 2019 geht zu Ende. <!--more-->Ein paar Hallen stehen\/standen leer, einige Hallen wurden mit Raumteilern sehr gro\u00dfz\u00fcgig verkleinert. Viele Aussteller waren gar nicht da. Yamaha, Steinberg, RME und viele mehr.<\/p>\n<p style=\"text-align: right;\"><em>Der R\u00fcckblick ist auch als Video auf <a href=\"https:\/\/youtu.be\/ZIOKNF2kWQk\" target=\"_blank\" rel=\"noopener noreferrer\">Youtube<\/a> zu finden.<\/em><\/p>\n<div id=\"attachment_4160\" class=\"wp-caption img-thumbnail img-responsive aligncenter\" style=\"width: 1510px\"><a rel=\"group1\" title=\"Kein Messewetter 2019\" href=\"https:\/\/ohrpost.com\/blog\/wp-content\/uploads\/2019\/04\/musikmesse_pls_2019_fazit_1.jpg\"  class=\"thickbox\"><img loading=\"lazy\" decoding=\"async\" title=\"Kein Messewetter 2019\" class=\"size-full wp-image-4160 \" src=\"https:\/\/ohrpost.com\/blog\/wp-content\/uploads\/2019\/04\/musikmesse_pls_2019_fazit_1.jpg\" alt=\"Musikmesse 2019 ProLight + Sound 2019\" width=\"1500\" height=\"772\" srcset=\"https:\/\/ohrpost.com\/blog\/wp-content\/uploads\/2019\/04\/musikmesse_pls_2019_fazit_1.jpg 1500w, https:\/\/ohrpost.com\/blog\/wp-content\/uploads\/2019\/04\/musikmesse_pls_2019_fazit_1-300x154.jpg 300w, https:\/\/ohrpost.com\/blog\/wp-content\/uploads\/2019\/04\/musikmesse_pls_2019_fazit_1-768x395.jpg 768w, https:\/\/ohrpost.com\/blog\/wp-content\/uploads\/2019\/04\/musikmesse_pls_2019_fazit_1-1024x527.jpg 1024w, https:\/\/ohrpost.com\/blog\/wp-content\/uploads\/2019\/04\/musikmesse_pls_2019_fazit_1-2x1.jpg 2w, https:\/\/ohrpost.com\/blog\/wp-content\/uploads\/2019\/04\/musikmesse_pls_2019_fazit_1-144x74.jpg 144w, https:\/\/ohrpost.com\/blog\/wp-content\/uploads\/2019\/04\/musikmesse_pls_2019_fazit_1-114x59.jpg 114w, https:\/\/ohrpost.com\/blog\/wp-content\/uploads\/2019\/04\/musikmesse_pls_2019_fazit_1-72x37.jpg 72w, https:\/\/ohrpost.com\/blog\/wp-content\/uploads\/2019\/04\/musikmesse_pls_2019_fazit_1-57x29.jpg 57w, https:\/\/ohrpost.com\/blog\/wp-content\/uploads\/2019\/04\/musikmesse_pls_2019_fazit_1-194x100.jpg 194w, https:\/\/ohrpost.com\/blog\/wp-content\/uploads\/2019\/04\/musikmesse_pls_2019_fazit_1-50x26.jpg 50w\" sizes=\"auto, (max-width: 1500px) 100vw, 1500px\" \/><\/a><p class=\"wp-caption-text\">Kein Messewetter 2019<\/p><\/div>\n<p>Interessanterweise gab es einen kleinen Gibson-Stand. Die ProLight + Sound und die Musikmesse liefen seit diesem Jahr wieder parallel, der Tagesversatz (2017 &amp; 2018 wurden beide Messen mit einem Tag Versatz abgehalten) ist in den letzten beiden Jahren gar nicht gut angekommen. Erstmals war der Samstag komplett messefrei. Das kommt bei den Musikverlegern, die in Halle 3.1 zu finden waren, gar nicht gut an. Die Halle 6 wurde saniert und Halle 5 soll nach der Buchmesse abgerissen werden und dann neu gebaut werden. Die Messe will zu den aktuell g\u00fcltigen Sicherheitsstandards aufschlie\u00dfen.<\/p>\n<div id=\"attachment_4165\" class=\"wp-caption img-thumbnail img-responsive aligncenter\" style=\"width: 1510px\"><a rel=\"group1\" title=\"5.1: Fr\u00fcher waren Sie alle hier...\" href=\"https:\/\/ohrpost.com\/blog\/wp-content\/uploads\/2019\/04\/musikmesse_pls_2019_fazit_6.jpg\"  class=\"thickbox\"><img loading=\"lazy\" decoding=\"async\" title=\"5.1: Fr\u00fcher waren Sie alle hier...\" class=\"size-full wp-image-4165 \" src=\"https:\/\/ohrpost.com\/blog\/wp-content\/uploads\/2019\/04\/musikmesse_pls_2019_fazit_6.jpg\" alt=\"Musikmesse 2019 ProLight + Sound 2019\" width=\"1500\" height=\"557\" srcset=\"https:\/\/ohrpost.com\/blog\/wp-content\/uploads\/2019\/04\/musikmesse_pls_2019_fazit_6.jpg 1500w, https:\/\/ohrpost.com\/blog\/wp-content\/uploads\/2019\/04\/musikmesse_pls_2019_fazit_6-300x111.jpg 300w, https:\/\/ohrpost.com\/blog\/wp-content\/uploads\/2019\/04\/musikmesse_pls_2019_fazit_6-768x285.jpg 768w, https:\/\/ohrpost.com\/blog\/wp-content\/uploads\/2019\/04\/musikmesse_pls_2019_fazit_6-1024x380.jpg 1024w, https:\/\/ohrpost.com\/blog\/wp-content\/uploads\/2019\/04\/musikmesse_pls_2019_fazit_6-3x1.jpg 3w, https:\/\/ohrpost.com\/blog\/wp-content\/uploads\/2019\/04\/musikmesse_pls_2019_fazit_6-144x53.jpg 144w, https:\/\/ohrpost.com\/blog\/wp-content\/uploads\/2019\/04\/musikmesse_pls_2019_fazit_6-114x42.jpg 114w, https:\/\/ohrpost.com\/blog\/wp-content\/uploads\/2019\/04\/musikmesse_pls_2019_fazit_6-72x27.jpg 72w, https:\/\/ohrpost.com\/blog\/wp-content\/uploads\/2019\/04\/musikmesse_pls_2019_fazit_6-57x21.jpg 57w, https:\/\/ohrpost.com\/blog\/wp-content\/uploads\/2019\/04\/musikmesse_pls_2019_fazit_6-269x100.jpg 269w, https:\/\/ohrpost.com\/blog\/wp-content\/uploads\/2019\/04\/musikmesse_pls_2019_fazit_6-50x19.jpg 50w\" sizes=\"auto, (max-width: 1500px) 100vw, 1500px\" \/><\/a><p class=\"wp-caption-text\">5.1: Fr\u00fcher waren Sie alle hier...<\/p><\/div>\n<p>Das ist aber sicherlich nicht der Grund, dass immer weniger Aussteller hier auf dem Messegel\u00e4nde zu finden sind. Die Galerie beispielsweise ist total verwaist und leer. Fr\u00fcher gabe es hier St\u00e4nde und B\u00fchnen mit Live-Musik.<\/p>\n<div id=\"attachment_4161\" class=\"wp-caption img-thumbnail img-responsive aligncenter\" style=\"width: 1510px\"><a rel=\"group1\" title=\"Fr\u00fcher Live-Musik und St\u00e4nde, heute leer.\" href=\"https:\/\/ohrpost.com\/blog\/wp-content\/uploads\/2019\/04\/musikmesse_pls_2019_fazit_2.jpg\"  class=\"thickbox\"><img loading=\"lazy\" decoding=\"async\" title=\"Fr\u00fcher Live-Musik und St\u00e4nde, heute leer.\" class=\"size-full wp-image-4161 \" src=\"https:\/\/ohrpost.com\/blog\/wp-content\/uploads\/2019\/04\/musikmesse_pls_2019_fazit_2.jpg\" alt=\"Musikmesse 2019 ProLight + Sound 2019\" width=\"1500\" height=\"1053\" srcset=\"https:\/\/ohrpost.com\/blog\/wp-content\/uploads\/2019\/04\/musikmesse_pls_2019_fazit_2.jpg 1500w, https:\/\/ohrpost.com\/blog\/wp-content\/uploads\/2019\/04\/musikmesse_pls_2019_fazit_2-300x211.jpg 300w, https:\/\/ohrpost.com\/blog\/wp-content\/uploads\/2019\/04\/musikmesse_pls_2019_fazit_2-768x539.jpg 768w, https:\/\/ohrpost.com\/blog\/wp-content\/uploads\/2019\/04\/musikmesse_pls_2019_fazit_2-1024x719.jpg 1024w, https:\/\/ohrpost.com\/blog\/wp-content\/uploads\/2019\/04\/musikmesse_pls_2019_fazit_2-1x1.jpg 1w, https:\/\/ohrpost.com\/blog\/wp-content\/uploads\/2019\/04\/musikmesse_pls_2019_fazit_2-144x101.jpg 144w, https:\/\/ohrpost.com\/blog\/wp-content\/uploads\/2019\/04\/musikmesse_pls_2019_fazit_2-114x80.jpg 114w, https:\/\/ohrpost.com\/blog\/wp-content\/uploads\/2019\/04\/musikmesse_pls_2019_fazit_2-72x51.jpg 72w, https:\/\/ohrpost.com\/blog\/wp-content\/uploads\/2019\/04\/musikmesse_pls_2019_fazit_2-57x40.jpg 57w, https:\/\/ohrpost.com\/blog\/wp-content\/uploads\/2019\/04\/musikmesse_pls_2019_fazit_2-142x100.jpg 142w, https:\/\/ohrpost.com\/blog\/wp-content\/uploads\/2019\/04\/musikmesse_pls_2019_fazit_2-50x35.jpg 50w\" sizes=\"auto, (max-width: 1500px) 100vw, 1500px\" \/><\/a><p class=\"wp-caption-text\">Fr\u00fcher Live-Musik und St\u00e4nde, heute leer.<\/p><\/div>\n<p>In Halle 3.0 fanden sich die Holz- und Belchbl\u00e4ser, Drums und Keyboards. Das waren zur Hochzeit der Messe, mal vier Hallen.<\/p>\n<div id=\"attachment_4164\" class=\"wp-caption img-thumbnail img-responsive aligncenter\" style=\"width: 1510px\"><a rel=\"group1\" title=\"Ungenutzt, weite Teile der Hallen...\" href=\"https:\/\/ohrpost.com\/blog\/wp-content\/uploads\/2019\/04\/musikmesse_pls_2019_fazit_5.jpg\"  class=\"thickbox\"><img loading=\"lazy\" decoding=\"async\" title=\"Ungenutzt, weite Teile der Hallen...\" class=\"size-full wp-image-4164 \" src=\"https:\/\/ohrpost.com\/blog\/wp-content\/uploads\/2019\/04\/musikmesse_pls_2019_fazit_5.jpg\" alt=\"Musikmesse 2019 ProLight + Sound 2019\" width=\"1500\" height=\"1122\" srcset=\"https:\/\/ohrpost.com\/blog\/wp-content\/uploads\/2019\/04\/musikmesse_pls_2019_fazit_5.jpg 1500w, https:\/\/ohrpost.com\/blog\/wp-content\/uploads\/2019\/04\/musikmesse_pls_2019_fazit_5-300x224.jpg 300w, https:\/\/ohrpost.com\/blog\/wp-content\/uploads\/2019\/04\/musikmesse_pls_2019_fazit_5-768x574.jpg 768w, https:\/\/ohrpost.com\/blog\/wp-content\/uploads\/2019\/04\/musikmesse_pls_2019_fazit_5-1024x766.jpg 1024w, https:\/\/ohrpost.com\/blog\/wp-content\/uploads\/2019\/04\/musikmesse_pls_2019_fazit_5-1x1.jpg 1w, https:\/\/ohrpost.com\/blog\/wp-content\/uploads\/2019\/04\/musikmesse_pls_2019_fazit_5-144x108.jpg 144w, https:\/\/ohrpost.com\/blog\/wp-content\/uploads\/2019\/04\/musikmesse_pls_2019_fazit_5-114x85.jpg 114w, https:\/\/ohrpost.com\/blog\/wp-content\/uploads\/2019\/04\/musikmesse_pls_2019_fazit_5-72x54.jpg 72w, https:\/\/ohrpost.com\/blog\/wp-content\/uploads\/2019\/04\/musikmesse_pls_2019_fazit_5-57x43.jpg 57w, https:\/\/ohrpost.com\/blog\/wp-content\/uploads\/2019\/04\/musikmesse_pls_2019_fazit_5-134x100.jpg 134w, https:\/\/ohrpost.com\/blog\/wp-content\/uploads\/2019\/04\/musikmesse_pls_2019_fazit_5-50x37.jpg 50w\" sizes=\"auto, (max-width: 1500px) 100vw, 1500px\" \/><\/a><p class=\"wp-caption-text\">Ungenutzt, weite Teile der Hallen...<\/p><\/div>\n<p>Auch das Datum f\u00fcr die Veranstaltung 2020 ist noch nicht bekannt. Einige Aussteller \u00e4u\u00dferten die Vermutung, dass es n\u00e4chstes Jahr keine Musikmesse mehr geben k\u00f6nnte, das hat die Messe allerdings dementiert.<\/p>\n<div id=\"attachment_4162\" class=\"wp-caption img-thumbnail img-responsive aligncenter\" style=\"width: 1411px\"><a rel=\"group1\" title=\"Leere\" href=\"https:\/\/ohrpost.com\/blog\/wp-content\/uploads\/2019\/04\/musikmesse_pls_2019_fazit_3.jpg\"  class=\"thickbox\"><img loading=\"lazy\" decoding=\"async\" title=\"Leere\" class=\"size-full wp-image-4162 \" src=\"https:\/\/ohrpost.com\/blog\/wp-content\/uploads\/2019\/04\/musikmesse_pls_2019_fazit_3.jpg\" alt=\"Musikmesse 2019 ProLight + Sound 2019\" width=\"1401\" height=\"1008\" srcset=\"https:\/\/ohrpost.com\/blog\/wp-content\/uploads\/2019\/04\/musikmesse_pls_2019_fazit_3.jpg 1401w, https:\/\/ohrpost.com\/blog\/wp-content\/uploads\/2019\/04\/musikmesse_pls_2019_fazit_3-300x216.jpg 300w, https:\/\/ohrpost.com\/blog\/wp-content\/uploads\/2019\/04\/musikmesse_pls_2019_fazit_3-768x553.jpg 768w, https:\/\/ohrpost.com\/blog\/wp-content\/uploads\/2019\/04\/musikmesse_pls_2019_fazit_3-1024x737.jpg 1024w, https:\/\/ohrpost.com\/blog\/wp-content\/uploads\/2019\/04\/musikmesse_pls_2019_fazit_3-1x1.jpg 1w, https:\/\/ohrpost.com\/blog\/wp-content\/uploads\/2019\/04\/musikmesse_pls_2019_fazit_3-144x104.jpg 144w, https:\/\/ohrpost.com\/blog\/wp-content\/uploads\/2019\/04\/musikmesse_pls_2019_fazit_3-114x82.jpg 114w, https:\/\/ohrpost.com\/blog\/wp-content\/uploads\/2019\/04\/musikmesse_pls_2019_fazit_3-72x52.jpg 72w, https:\/\/ohrpost.com\/blog\/wp-content\/uploads\/2019\/04\/musikmesse_pls_2019_fazit_3-57x41.jpg 57w, https:\/\/ohrpost.com\/blog\/wp-content\/uploads\/2019\/04\/musikmesse_pls_2019_fazit_3-139x100.jpg 139w, https:\/\/ohrpost.com\/blog\/wp-content\/uploads\/2019\/04\/musikmesse_pls_2019_fazit_3-50x36.jpg 50w\" sizes=\"auto, (max-width: 1401px) 100vw, 1401px\" \/><\/a><p class=\"wp-caption-text\">Leere<\/p><\/div>\n<p>Diesen Samstag, gibt es im Congress Center <a href=\"https:\/\/musikmesse-plaza.messefrankfurt.com\/frankfurt\/de.html\" target=\"_blank\" rel=\"noopener noreferrer\"><em>musikmesse plaza<\/em><\/a>, unter anderem auch mit Youtube-Stars.<\/p>\n<div id=\"attachment_4167\" class=\"wp-caption img-thumbnail img-responsive aligncenter\" style=\"width: 1510px\"><a rel=\"group1\" title=\"Samstag klingt die Messe aus...\" href=\"https:\/\/ohrpost.com\/blog\/wp-content\/uploads\/2019\/04\/musikmesse_pls_2019_fazit_8.jpg\"  class=\"thickbox\"><img loading=\"lazy\" decoding=\"async\" title=\"Samstag klingt die Messe aus...\" class=\"size-full wp-image-4167 \" src=\"https:\/\/ohrpost.com\/blog\/wp-content\/uploads\/2019\/04\/musikmesse_pls_2019_fazit_8.jpg\" alt=\"Musikmesse 2019 ProLight + Sound 2019\" width=\"1500\" height=\"1371\" srcset=\"https:\/\/ohrpost.com\/blog\/wp-content\/uploads\/2019\/04\/musikmesse_pls_2019_fazit_8.jpg 1500w, https:\/\/ohrpost.com\/blog\/wp-content\/uploads\/2019\/04\/musikmesse_pls_2019_fazit_8-300x274.jpg 300w, https:\/\/ohrpost.com\/blog\/wp-content\/uploads\/2019\/04\/musikmesse_pls_2019_fazit_8-768x702.jpg 768w, https:\/\/ohrpost.com\/blog\/wp-content\/uploads\/2019\/04\/musikmesse_pls_2019_fazit_8-1024x936.jpg 1024w, https:\/\/ohrpost.com\/blog\/wp-content\/uploads\/2019\/04\/musikmesse_pls_2019_fazit_8-1x1.jpg 1w, https:\/\/ohrpost.com\/blog\/wp-content\/uploads\/2019\/04\/musikmesse_pls_2019_fazit_8-144x132.jpg 144w, https:\/\/ohrpost.com\/blog\/wp-content\/uploads\/2019\/04\/musikmesse_pls_2019_fazit_8-114x104.jpg 114w, https:\/\/ohrpost.com\/blog\/wp-content\/uploads\/2019\/04\/musikmesse_pls_2019_fazit_8-72x66.jpg 72w, https:\/\/ohrpost.com\/blog\/wp-content\/uploads\/2019\/04\/musikmesse_pls_2019_fazit_8-57x52.jpg 57w, https:\/\/ohrpost.com\/blog\/wp-content\/uploads\/2019\/04\/musikmesse_pls_2019_fazit_8-109x100.jpg 109w, https:\/\/ohrpost.com\/blog\/wp-content\/uploads\/2019\/04\/musikmesse_pls_2019_fazit_8-50x46.jpg 50w\" sizes=\"auto, (max-width: 1500px) 100vw, 1500px\" \/><\/a><p class=\"wp-caption-text\">Samstag klingt die Messe aus...<\/p><\/div>\n<p>Lohnt es sich nun gar nicht mehr, nach Frankfurt auf die Messe zu fahren? Jein. Dadurch, dass einige gro\u00dfe Player nicht mehr auf der Messe sind, schrumpft die Veranstaltung zwar etwas, aber es war ja fast immer im Vorfeld bekannt, was kommen wird. Auf diese Weise bleibt mehr Aufmerksamkeit f\u00fcr die hartn\u00e4ckig verbliebenen und neuen Aussteller. Das wurde - meine Beobachtung nach - auch von dem ein oder anderen genutzt. Ein Highlight ist f\u00fcr mich auch die Vintage-PA-Ausstellung hier im Forum. Das wachsende Kongress-Angebot k\u00f6nnte ein neues Standbein, eine neue Entwicklung f\u00fcr die Musikmesse sein und werden. Aber trotzdem: Das Messegef\u00fchl will sich nur z\u00f6gerlich erinstellen.<\/p>\n<div id=\"attachment_4166\" class=\"wp-caption img-thumbnail img-responsive aligncenter\" style=\"width: 1733px\"><a rel=\"group1\" title=\"Zu optimistisch?\" href=\"https:\/\/ohrpost.com\/blog\/wp-content\/uploads\/2019\/04\/musikmesse_pls_2019_fazit_7.jpg\"  class=\"thickbox\"><img loading=\"lazy\" decoding=\"async\" title=\"Zu optimistisch?\" class=\"size-full wp-image-4166 \" src=\"https:\/\/ohrpost.com\/blog\/wp-content\/uploads\/2019\/04\/musikmesse_pls_2019_fazit_7.jpg\" alt=\"Musikmesse 2019 ProLight + Sound 2019\" width=\"1723\" height=\"753\" srcset=\"https:\/\/ohrpost.com\/blog\/wp-content\/uploads\/2019\/04\/musikmesse_pls_2019_fazit_7.jpg 1723w, https:\/\/ohrpost.com\/blog\/wp-content\/uploads\/2019\/04\/musikmesse_pls_2019_fazit_7-300x131.jpg 300w, https:\/\/ohrpost.com\/blog\/wp-content\/uploads\/2019\/04\/musikmesse_pls_2019_fazit_7-768x336.jpg 768w, https:\/\/ohrpost.com\/blog\/wp-content\/uploads\/2019\/04\/musikmesse_pls_2019_fazit_7-1024x448.jpg 1024w, https:\/\/ohrpost.com\/blog\/wp-content\/uploads\/2019\/04\/musikmesse_pls_2019_fazit_7-2x1.jpg 2w, https:\/\/ohrpost.com\/blog\/wp-content\/uploads\/2019\/04\/musikmesse_pls_2019_fazit_7-144x63.jpg 144w, https:\/\/ohrpost.com\/blog\/wp-content\/uploads\/2019\/04\/musikmesse_pls_2019_fazit_7-114x50.jpg 114w, https:\/\/ohrpost.com\/blog\/wp-content\/uploads\/2019\/04\/musikmesse_pls_2019_fazit_7-72x31.jpg 72w, https:\/\/ohrpost.com\/blog\/wp-content\/uploads\/2019\/04\/musikmesse_pls_2019_fazit_7-57x25.jpg 57w, https:\/\/ohrpost.com\/blog\/wp-content\/uploads\/2019\/04\/musikmesse_pls_2019_fazit_7-229x100.jpg 229w, https:\/\/ohrpost.com\/blog\/wp-content\/uploads\/2019\/04\/musikmesse_pls_2019_fazit_7-50x22.jpg 50w\" sizes=\"auto, (max-width: 1723px) 100vw, 1723px\" \/><\/a><p class=\"wp-caption-text\">Zu optimistisch?<\/p><\/div>\n<p>Ich hoffe, dass wir uns 2020 alle auf dem Messegel\u00e4nde Frankfurt zur Musikmesse und zur ProLight + Sound sehen werden, das Datum gibt es nat\u00fcrlich wieder auf OHRpost.com.<\/p>\n<div id=\"attachment_4163\" class=\"wp-caption img-thumbnail img-responsive aligncenter\" style=\"width: 1510px\"><a rel=\"group1\" title=\"Die letzten Jahre gab es hier ein buntes Treiben...\" href=\"https:\/\/ohrpost.com\/blog\/wp-content\/uploads\/2019\/04\/musikmesse_pls_2019_fazit_4.jpg\"  class=\"thickbox\"><img loading=\"lazy\" decoding=\"async\" title=\"Die letzten Jahre gab es hier ein buntes Treiben...\" class=\"size-full wp-image-4163 \" src=\"https:\/\/ohrpost.com\/blog\/wp-content\/uploads\/2019\/04\/musikmesse_pls_2019_fazit_4.jpg\" alt=\"Musikmesse 2019 ProLight + Sound 2019\" width=\"1500\" height=\"1001\" srcset=\"https:\/\/ohrpost.com\/blog\/wp-content\/uploads\/2019\/04\/musikmesse_pls_2019_fazit_4.jpg 1500w, https:\/\/ohrpost.com\/blog\/wp-content\/uploads\/2019\/04\/musikmesse_pls_2019_fazit_4-300x200.jpg 300w, https:\/\/ohrpost.com\/blog\/wp-content\/uploads\/2019\/04\/musikmesse_pls_2019_fazit_4-768x513.jpg 768w, https:\/\/ohrpost.com\/blog\/wp-content\/uploads\/2019\/04\/musikmesse_pls_2019_fazit_4-1024x683.jpg 1024w, https:\/\/ohrpost.com\/blog\/wp-content\/uploads\/2019\/04\/musikmesse_pls_2019_fazit_4-1x1.jpg 1w, https:\/\/ohrpost.com\/blog\/wp-content\/uploads\/2019\/04\/musikmesse_pls_2019_fazit_4-144x96.jpg 144w, https:\/\/ohrpost.com\/blog\/wp-content\/uploads\/2019\/04\/musikmesse_pls_2019_fazit_4-114x76.jpg 114w, https:\/\/ohrpost.com\/blog\/wp-content\/uploads\/2019\/04\/musikmesse_pls_2019_fazit_4-72x48.jpg 72w, https:\/\/ohrpost.com\/blog\/wp-content\/uploads\/2019\/04\/musikmesse_pls_2019_fazit_4-57x38.jpg 57w, https:\/\/ohrpost.com\/blog\/wp-content\/uploads\/2019\/04\/musikmesse_pls_2019_fazit_4-150x100.jpg 150w, https:\/\/ohrpost.com\/blog\/wp-content\/uploads\/2019\/04\/musikmesse_pls_2019_fazit_4-50x33.jpg 50w\" sizes=\"auto, (max-width: 1500px) 100vw, 1500px\" \/><\/a><p class=\"wp-caption-text\">Die letzten Jahre gab es hier ein buntes Treiben...<\/p><\/div>\n<p>Dieses Jahr ist das Fazit zur Messe auf Youtube als Videobeitrag verf\u00fcgbar:<\/p>\n<p><a href=\"https:\/\/youtu.be\/ZIOKNF2kWQk\" target=\"_blank\" rel=\"noopener noreferrer\"><img loading=\"lazy\" decoding=\"async\" class=\"aligncenter size-full wp-image-4169 img-thumbnail\" src=\"https:\/\/ohrpost.com\/blog\/wp-content\/uploads\/2019\/04\/musikmesse2019_prolightsound2019_fazit_youtube.jpg\" alt=\"Fazit zur Messe - Bitte Klicken!\" width=\"1280\" height=\"720\" srcset=\"https:\/\/ohrpost.com\/blog\/wp-content\/uploads\/2019\/04\/musikmesse2019_prolightsound2019_fazit_youtube.jpg 1280w, https:\/\/ohrpost.com\/blog\/wp-content\/uploads\/2019\/04\/musikmesse2019_prolightsound2019_fazit_youtube-300x169.jpg 300w, https:\/\/ohrpost.com\/blog\/wp-content\/uploads\/2019\/04\/musikmesse2019_prolightsound2019_fazit_youtube-768x432.jpg 768w, https:\/\/ohrpost.com\/blog\/wp-content\/uploads\/2019\/04\/musikmesse2019_prolightsound2019_fazit_youtube-1024x576.jpg 1024w, https:\/\/ohrpost.com\/blog\/wp-content\/uploads\/2019\/04\/musikmesse2019_prolightsound2019_fazit_youtube-2x1.jpg 2w, https:\/\/ohrpost.com\/blog\/wp-content\/uploads\/2019\/04\/musikmesse2019_prolightsound2019_fazit_youtube-144x81.jpg 144w, https:\/\/ohrpost.com\/blog\/wp-content\/uploads\/2019\/04\/musikmesse2019_prolightsound2019_fazit_youtube-114x64.jpg 114w, https:\/\/ohrpost.com\/blog\/wp-content\/uploads\/2019\/04\/musikmesse2019_prolightsound2019_fazit_youtube-72x41.jpg 72w, https:\/\/ohrpost.com\/blog\/wp-content\/uploads\/2019\/04\/musikmesse2019_prolightsound2019_fazit_youtube-57x32.jpg 57w, https:\/\/ohrpost.com\/blog\/wp-content\/uploads\/2019\/04\/musikmesse2019_prolightsound2019_fazit_youtube-178x100.jpg 178w, https:\/\/ohrpost.com\/blog\/wp-content\/uploads\/2019\/04\/musikmesse2019_prolightsound2019_fazit_youtube-50x28.jpg 50w\" sizes=\"auto, (max-width: 1280px) 100vw, 1280px\" \/><\/a><\/p>\n<p><span class=\"badge\" title=\"Bei diesem Link handelt es sich um Werbung!\" style=\"font-size:0.65em; margin-right:2px;\">Werbung:<\/span><\/p>\n<h4>Krempel f\u00fcr Musiker <\/h4>\n<div id=\"carousel-example-generic\" class=\"carousel slide\" data-ride=\"carousel\" data-interval=\"2500\">\n<div class=\"carousel-inner\" role=\"listbox\">\n<div class=\"item active\"><a target=\"_blank\"  href=\"https:\/\/www.amazon.de\/gp\/offer-listing\/B00Y2HKOCQ\/ref=as_li_tl?ie=UTF8&camp=1638&creative=6742&creativeASIN=B00Y2HKOCQ&linkCode=as2&tag=tonkaudiserv-21&linkId=34feeae337fb4e2c4cb143fe77ed35fb\"><img decoding=\"async\" border=\"0\" src=\"\/\/ws-eu.amazon-adsystem.com\/widgets\/q?_encoding=UTF8&MarketPlace=DE&ASIN=B00Y2HKOCQ&ServiceVersion=20070822&ID=AsinImage&WS=1&Format=_SL160_&tag=tonkaudiserv-21\" align=\"center\" ><\/a><a target=\"_blank\"  href=\"https:\/\/www.amazon.de\/gp\/offer-listing\/B004A21K9O\/ref=as_li_tl?ie=UTF8&camp=1638&creative=6742&creativeASIN=B004A21K9O&linkCode=as2&tag=tonkaudiserv-21&linkId=34feeae337fb4e2c4cb143fe77ed35fb\"><img decoding=\"async\" border=\"0\" src=\"\/\/ws-eu.amazon-adsystem.com\/widgets\/q?_encoding=UTF8&MarketPlace=DE&ASIN=B004A21K9O&ServiceVersion=20070822&ID=AsinImage&WS=1&Format=_SL160_&tag=tonkaudiserv-21\" align=\"center\" ><\/a><a target=\"_blank\"  href=\"https:\/\/www.amazon.de\/gp\/offer-listing\/B00CPKSM1W\/ref=as_li_tl?ie=UTF8&camp=1638&creative=6742&creativeASIN=B00CPKSM1W&linkCode=as2&tag=tonkaudiserv-21&linkId=34feeae337fb4e2c4cb143fe77ed35fb\"><img decoding=\"async\" border=\"0\" src=\"\/\/ws-eu.amazon-adsystem.com\/widgets\/q?_encoding=UTF8&MarketPlace=DE&ASIN=B00CPKSM1W&ServiceVersion=20070822&ID=AsinImage&WS=1&Format=_SL160_&tag=tonkaudiserv-21\" align=\"center\" ><\/a><\/div>\n<div class=\"item\"><a target=\"_blank\"  href=\"https:\/\/www.amazon.de\/gp\/offer-listing\/B006FGXS3O\/ref=as_li_tl?ie=UTF8&camp=1638&creative=6742&creativeASIN=B006FGXS3O&linkCode=as2&tag=tonkaudiserv-21&linkId=34feeae337fb4e2c4cb143fe77ed35fb\"><img decoding=\"async\" border=\"0\" src=\"\/\/ws-eu.amazon-adsystem.com\/widgets\/q?_encoding=UTF8&MarketPlace=DE&ASIN=B006FGXS3O&ServiceVersion=20070822&ID=AsinImage&WS=1&Format=_SL160_&tag=tonkaudiserv-21\" align=\"center\" ><\/a><a target=\"_blank\"  href=\"https:\/\/www.amazon.de\/gp\/offer-listing\/B00CX2ZQUC\/ref=as_li_tl?ie=UTF8&camp=1638&creative=6742&creativeASIN=B00CX2ZQUC&linkCode=as2&tag=tonkaudiserv-21&linkId=34feeae337fb4e2c4cb143fe77ed35fb\"><img decoding=\"async\" border=\"0\" src=\"\/\/ws-eu.amazon-adsystem.com\/widgets\/q?_encoding=UTF8&MarketPlace=DE&ASIN=B00CX2ZQUC&ServiceVersion=20070822&ID=AsinImage&WS=1&Format=_SL160_&tag=tonkaudiserv-21\" align=\"center\" ><\/a><a target=\"_blank\"  href=\"https:\/\/www.amazon.de\/gp\/offer-listing\/B00GYYF9N4\/ref=as_li_tl?ie=UTF8&camp=1638&creative=6742&creativeASIN=B00GYYF9N4&linkCode=as2&tag=tonkaudiserv-21&linkId=34feeae337fb4e2c4cb143fe77ed35fb\"><img decoding=\"async\" border=\"0\" src=\"\/\/ws-eu.amazon-adsystem.com\/widgets\/q?_encoding=UTF8&MarketPlace=DE&ASIN=B00GYYF9N4&ServiceVersion=20070822&ID=AsinImage&WS=1&Format=_SL160_&tag=tonkaudiserv-21\" align=\"center\" ><\/a><\/div>\n<div class=\"item\"><a target=\"_blank\"  href=\"https:\/\/www.amazon.de\/gp\/offer-listing\/B007N453B2\/ref=as_li_tl?ie=UTF8&camp=1638&creative=6742&creativeASIN=B007N453B2&linkCode=as2&tag=tonkaudiserv-21&linkId=34feeae337fb4e2c4cb143fe77ed35fb\"><img decoding=\"async\" border=\"0\" src=\"\/\/ws-eu.amazon-adsystem.com\/widgets\/q?_encoding=UTF8&MarketPlace=DE&ASIN=B007N453B2&ServiceVersion=20070822&ID=AsinImage&WS=1&Format=_SL160_&tag=tonkaudiserv-21\" align=\"center\" ><\/a><a target=\"_blank\"  href=\"https:\/\/www.amazon.de\/gp\/offer-listing\/B00S4RA2VI\/ref=as_li_tl?ie=UTF8&camp=1638&creative=6742&creativeASIN=B00S4RA2VI&linkCode=as2&tag=tonkaudiserv-21&linkId=34feeae337fb4e2c4cb143fe77ed35fb\"><img decoding=\"async\" border=\"0\" src=\"\/\/ws-eu.amazon-adsystem.com\/widgets\/q?_encoding=UTF8&MarketPlace=DE&ASIN=B00S4RA2VI&ServiceVersion=20070822&ID=AsinImage&WS=1&Format=_SL160_&tag=tonkaudiserv-21\" align=\"center\" ><\/a><a target=\"_blank\"  href=\"https:\/\/www.amazon.de\/gp\/offer-listing\/B00OFV6N0Q\/ref=as_li_tl?ie=UTF8&camp=1638&creative=6742&creativeASIN=B00OFV6N0Q&linkCode=as2&tag=tonkaudiserv-21&linkId=34feeae337fb4e2c4cb143fe77ed35fb\"><img decoding=\"async\" border=\"0\" src=\"\/\/ws-eu.amazon-adsystem.com\/widgets\/q?_encoding=UTF8&MarketPlace=DE&ASIN=B00OFV6N0Q&ServiceVersion=20070822&ID=AsinImage&WS=1&Format=_SL160_&tag=tonkaudiserv-21\" align=\"center\" ><\/a><\/div>\n<div class=\"item\"><a target=\"_blank\"  href=\"https:\/\/www.amazon.de\/gp\/offer-listing\/B005QJOOWK\/ref=as_li_tl?ie=UTF8&camp=1638&creative=6742&creativeASIN=B005QJOOWK&linkCode=as2&tag=tonkaudiserv-21&linkId=34feeae337fb4e2c4cb143fe77ed35fb\"><img decoding=\"async\" border=\"0\" src=\"\/\/ws-eu.amazon-adsystem.com\/widgets\/q?_encoding=UTF8&MarketPlace=DE&ASIN=B005QJOOWK&ServiceVersion=20070822&ID=AsinImage&WS=1&Format=_SL160_&tag=tonkaudiserv-21\" align=\"center\" ><\/a><a target=\"_blank\"  href=\"https:\/\/www.amazon.de\/gp\/offer-listing\/B00QONTFMG\/ref=as_li_tl?ie=UTF8&camp=1638&creative=6742&creativeASIN=B00QONTFMG&linkCode=as2&tag=tonkaudiserv-21&linkId=34feeae337fb4e2c4cb143fe77ed35fb\"><img decoding=\"async\" border=\"0\" src=\"\/\/ws-eu.amazon-adsystem.com\/widgets\/q?_encoding=UTF8&MarketPlace=DE&ASIN=B00QONTFMG&ServiceVersion=20070822&ID=AsinImage&WS=1&Format=_SL160_&tag=tonkaudiserv-21\" align=\"center\" ><\/a><a target=\"_blank\"  href=\"https:\/\/www.amazon.de\/gp\/offer-listing\/B00EJLM022\/ref=as_li_tl?ie=UTF8&camp=1638&creative=6742&creativeASIN=B00EJLM022&linkCode=as2&tag=tonkaudiserv-21&linkId=34feeae337fb4e2c4cb143fe77ed35fb\"><img decoding=\"async\" border=\"0\" src=\"\/\/ws-eu.amazon-adsystem.com\/widgets\/q?_encoding=UTF8&MarketPlace=DE&ASIN=B00EJLM022&ServiceVersion=20070822&ID=AsinImage&WS=1&Format=_SL160_&tag=tonkaudiserv-21\" align=\"center\" ><\/a>\n                                <\/div>\n<\/div><\/div>\n","protected":false},"excerpt":{"rendered":"<p>Zur Stunde schlie\u00dft die Messe Frankfurt die Pforten und die Musikmesse bzw. ProLight+Sound 2019 geht zu Ende.<\/p>\n","protected":false},"author":1,"featured_media":4161,"comment_status":"open","ping_status":"open","sticky":false,"template":"","format":"standard","meta":{"footnotes":"","_wpscppro_custom_social_share_image":0,"_facebook_share_type":"","_twitter_share_type":"","_linkedin_share_type":"","_pinterest_share_type":"","_linkedin_share_type_page":"","_instagram_share_type":"","_medium_share_type":"","_threads_share_type":"","_selected_social_profile":[]},"categories":[16,17],"tags":[1358,203,1681,204,1682],"class_list":["post-4156","post","type-post","status-publish","format-standard","has-post-thumbnail","hentry","category-magazin","category-meinung","tag-fazit","tag-musikmesse","tag-musikmesse-2019","tag-prolightsound","tag-prolightsound-2019"],"yoast_head":"<!-- This site is optimized with the Yoast SEO plugin v24.6 - https:\/\/yoast.com\/wordpress\/plugins\/seo\/ -->\n<title>Musikmesse 2019 \/ ProLight + Sound 2019 - Wird die Musikmesse abgeschafft? Ein Fazit! - OHRpost<\/title>\n<meta name=\"robots\" content=\"index, follow, max-snippet:-1, max-image-preview:large, max-video-preview:-1\" \/>\n<link rel=\"canonical\" href=\"https:\/\/ohrpost.com\/blog\/magazin\/musikmesse-2019-prolight-sound-2019-wird-die-musikmesse-abgeschafft-ein-fazit_4156\" \/>\n<meta property=\"og:locale\" content=\"de_DE\" \/>\n<meta property=\"og:type\" content=\"article\" \/>\n<meta property=\"og:title\" content=\"Musikmesse 2019 \/ ProLight + Sound 2019 - Wird die Musikmesse abgeschafft? Ein Fazit! - OHRpost\" \/>\n<meta property=\"og:description\" content=\"Zur Stunde schlie\u00dft die Messe Frankfurt die Pforten und die Musikmesse bzw. ProLight+Sound 2019 geht zu Ende.\" \/>\n<meta property=\"og:url\" content=\"https:\/\/ohrpost.com\/blog\/magazin\/musikmesse-2019-prolight-sound-2019-wird-die-musikmesse-abgeschafft-ein-fazit_4156\" \/>\n<meta property=\"og:site_name\" content=\"OHRpost\" \/>\n<meta property=\"article:published_time\" content=\"2019-04-05T16:00:08+00:00\" \/>\n<meta property=\"og:image\" content=\"https:\/\/ohrpost.com\/blog\/wp-content\/uploads\/2019\/04\/musikmesse_pls_2019_fazit_2.jpg\" \/>\n\t<meta property=\"og:image:width\" content=\"1500\" \/>\n\t<meta property=\"og:image:height\" content=\"1053\" \/>\n\t<meta property=\"og:image:type\" content=\"image\/jpeg\" \/>\n<meta name=\"author\" content=\"Florian\" \/>\n<meta name=\"twitter:card\" content=\"summary_large_image\" \/>\n<meta name=\"twitter:label1\" content=\"Verfasst von\" \/>\n\t<meta name=\"twitter:data1\" content=\"Florian\" \/>\n\t<meta name=\"twitter:label2\" content=\"Gesch\u00e4tzte Lesezeit\" \/>\n\t<meta name=\"twitter:data2\" content=\"3\u00a0Minuten\" \/>\n<script type=\"application\/ld+json\" class=\"yoast-schema-graph\">{\"@context\":\"https:\/\/schema.org\",\"@graph\":[{\"@type\":\"Article\",\"@id\":\"https:\/\/ohrpost.com\/blog\/magazin\/musikmesse-2019-prolight-sound-2019-wird-die-musikmesse-abgeschafft-ein-fazit_4156#article\",\"isPartOf\":{\"@id\":\"https:\/\/ohrpost.com\/blog\/magazin\/musikmesse-2019-prolight-sound-2019-wird-die-musikmesse-abgeschafft-ein-fazit_4156\"},\"author\":{\"name\":\"Florian\",\"@id\":\"https:\/\/ohrpost.com\/blog\/#\/schema\/person\/f0fbe857de924752e4de0a0f11a17229\"},\"headline\":\"Musikmesse 2019 \/ ProLight + Sound 2019 &#8211; Wird die Musikmesse abgeschafft? Ein Fazit!\",\"datePublished\":\"2019-04-05T16:00:08+00:00\",\"mainEntityOfPage\":{\"@id\":\"https:\/\/ohrpost.com\/blog\/magazin\/musikmesse-2019-prolight-sound-2019-wird-die-musikmesse-abgeschafft-ein-fazit_4156\"},\"wordCount\":560,\"commentCount\":1,\"publisher\":{\"@id\":\"https:\/\/ohrpost.com\/blog\/#\/schema\/person\/f0fbe857de924752e4de0a0f11a17229\"},\"image\":{\"@id\":\"https:\/\/ohrpost.com\/blog\/magazin\/musikmesse-2019-prolight-sound-2019-wird-die-musikmesse-abgeschafft-ein-fazit_4156#primaryimage\"},\"thumbnailUrl\":\"https:\/\/ohrpost.com\/blog\/wp-content\/uploads\/2019\/04\/musikmesse_pls_2019_fazit_2.jpg\",\"keywords\":[\"Fazit\",\"Musikmesse\",\"Musikmesse 2019\",\"Prolight+Sound\",\"ProLight+Sound 2019\"],\"articleSection\":[\"Magazin\",\"Meinung\"],\"inLanguage\":\"de\",\"potentialAction\":[{\"@type\":\"CommentAction\",\"name\":\"Comment\",\"target\":[\"https:\/\/ohrpost.com\/blog\/magazin\/musikmesse-2019-prolight-sound-2019-wird-die-musikmesse-abgeschafft-ein-fazit_4156#respond\"]}]},{\"@type\":\"WebPage\",\"@id\":\"https:\/\/ohrpost.com\/blog\/magazin\/musikmesse-2019-prolight-sound-2019-wird-die-musikmesse-abgeschafft-ein-fazit_4156\",\"url\":\"https:\/\/ohrpost.com\/blog\/magazin\/musikmesse-2019-prolight-sound-2019-wird-die-musikmesse-abgeschafft-ein-fazit_4156\",\"name\":\"Musikmesse 2019 \/ ProLight + Sound 2019 - Wird die Musikmesse abgeschafft? Ein Fazit! - OHRpost\",\"isPartOf\":{\"@id\":\"https:\/\/ohrpost.com\/blog\/#website\"},\"primaryImageOfPage\":{\"@id\":\"https:\/\/ohrpost.com\/blog\/magazin\/musikmesse-2019-prolight-sound-2019-wird-die-musikmesse-abgeschafft-ein-fazit_4156#primaryimage\"},\"image\":{\"@id\":\"https:\/\/ohrpost.com\/blog\/magazin\/musikmesse-2019-prolight-sound-2019-wird-die-musikmesse-abgeschafft-ein-fazit_4156#primaryimage\"},\"thumbnailUrl\":\"https:\/\/ohrpost.com\/blog\/wp-content\/uploads\/2019\/04\/musikmesse_pls_2019_fazit_2.jpg\",\"datePublished\":\"2019-04-05T16:00:08+00:00\",\"breadcrumb\":{\"@id\":\"https:\/\/ohrpost.com\/blog\/magazin\/musikmesse-2019-prolight-sound-2019-wird-die-musikmesse-abgeschafft-ein-fazit_4156#breadcrumb\"},\"inLanguage\":\"de\",\"potentialAction\":[{\"@type\":\"ReadAction\",\"target\":[\"https:\/\/ohrpost.com\/blog\/magazin\/musikmesse-2019-prolight-sound-2019-wird-die-musikmesse-abgeschafft-ein-fazit_4156\"]}]},{\"@type\":\"ImageObject\",\"inLanguage\":\"de\",\"@id\":\"https:\/\/ohrpost.com\/blog\/magazin\/musikmesse-2019-prolight-sound-2019-wird-die-musikmesse-abgeschafft-ein-fazit_4156#primaryimage\",\"url\":\"https:\/\/ohrpost.com\/blog\/wp-content\/uploads\/2019\/04\/musikmesse_pls_2019_fazit_2.jpg\",\"contentUrl\":\"https:\/\/ohrpost.com\/blog\/wp-content\/uploads\/2019\/04\/musikmesse_pls_2019_fazit_2.jpg\",\"width\":1500,\"height\":1053,\"caption\":\"Fr\u00fcher Live-Musik und St\u00e4nde, heute leer.\"},{\"@type\":\"BreadcrumbList\",\"@id\":\"https:\/\/ohrpost.com\/blog\/magazin\/musikmesse-2019-prolight-sound-2019-wird-die-musikmesse-abgeschafft-ein-fazit_4156#breadcrumb\",\"itemListElement\":[{\"@type\":\"ListItem\",\"position\":1,\"name\":\"Startseite\",\"item\":\"https:\/\/ohrpost.com\/blog\"},{\"@type\":\"ListItem\",\"position\":2,\"name\":\"Musikmesse 2019 \/ ProLight + Sound 2019 &#8211; Wird die Musikmesse abgeschafft? Ein Fazit!\"}]},{\"@type\":\"WebSite\",\"@id\":\"https:\/\/ohrpost.com\/blog\/#website\",\"url\":\"https:\/\/ohrpost.com\/blog\/\",\"name\":\"OHRpost\",\"description\":\"Musik, Audio, Medien und Gesellschaft\",\"publisher\":{\"@id\":\"https:\/\/ohrpost.com\/blog\/#\/schema\/person\/f0fbe857de924752e4de0a0f11a17229\"},\"potentialAction\":[{\"@type\":\"SearchAction\",\"target\":{\"@type\":\"EntryPoint\",\"urlTemplate\":\"https:\/\/ohrpost.com\/blog\/?s={search_term_string}\"},\"query-input\":{\"@type\":\"PropertyValueSpecification\",\"valueRequired\":true,\"valueName\":\"search_term_string\"}}],\"inLanguage\":\"de\"},{\"@type\":[\"Person\",\"Organization\"],\"@id\":\"https:\/\/ohrpost.com\/blog\/#\/schema\/person\/f0fbe857de924752e4de0a0f11a17229\",\"name\":\"Florian\",\"logo\":{\"@id\":\"https:\/\/ohrpost.com\/blog\/#\/schema\/person\/image\/\"},\"description\":\"Ende der 70er geschl\u00fcpft, gleich war klar: \u201eMusik ist mein Ding\u201c. Heute unterwegs als freier Tonmann, Komponist und Trainer\/Dozent.\",\"sameAs\":[\"https:\/\/www.tonkutsche.de\/\"]}]}<\/script>\n<!-- \/ Yoast SEO plugin. -->","yoast_head_json":{"title":"Musikmesse 2019 \/ ProLight + Sound 2019 - Wird die Musikmesse abgeschafft? Ein Fazit! - OHRpost","robots":{"index":"index","follow":"follow","max-snippet":"max-snippet:-1","max-image-preview":"max-image-preview:large","max-video-preview":"max-video-preview:-1"},"canonical":"https:\/\/ohrpost.com\/blog\/magazin\/musikmesse-2019-prolight-sound-2019-wird-die-musikmesse-abgeschafft-ein-fazit_4156","og_locale":"de_DE","og_type":"article","og_title":"Musikmesse 2019 \/ ProLight + Sound 2019 - Wird die Musikmesse abgeschafft? Ein Fazit! - OHRpost","og_description":"Zur Stunde schlie\u00dft die Messe Frankfurt die Pforten und die Musikmesse bzw. ProLight+Sound 2019 geht zu Ende.","og_url":"https:\/\/ohrpost.com\/blog\/magazin\/musikmesse-2019-prolight-sound-2019-wird-die-musikmesse-abgeschafft-ein-fazit_4156","og_site_name":"OHRpost","article_published_time":"2019-04-05T16:00:08+00:00","og_image":[{"width":1500,"height":1053,"url":"https:\/\/ohrpost.com\/blog\/wp-content\/uploads\/2019\/04\/musikmesse_pls_2019_fazit_2.jpg","type":"image\/jpeg"}],"author":"Florian","twitter_card":"summary_large_image","twitter_misc":{"Verfasst von":"Florian","Gesch\u00e4tzte Lesezeit":"3\u00a0Minuten"},"schema":{"@context":"https:\/\/schema.org","@graph":[{"@type":"Article","@id":"https:\/\/ohrpost.com\/blog\/magazin\/musikmesse-2019-prolight-sound-2019-wird-die-musikmesse-abgeschafft-ein-fazit_4156#article","isPartOf":{"@id":"https:\/\/ohrpost.com\/blog\/magazin\/musikmesse-2019-prolight-sound-2019-wird-die-musikmesse-abgeschafft-ein-fazit_4156"},"author":{"name":"Florian","@id":"https:\/\/ohrpost.com\/blog\/#\/schema\/person\/f0fbe857de924752e4de0a0f11a17229"},"headline":"Musikmesse 2019 \/ ProLight + Sound 2019 &#8211; Wird die Musikmesse abgeschafft? Ein Fazit!","datePublished":"2019-04-05T16:00:08+00:00","mainEntityOfPage":{"@id":"https:\/\/ohrpost.com\/blog\/magazin\/musikmesse-2019-prolight-sound-2019-wird-die-musikmesse-abgeschafft-ein-fazit_4156"},"wordCount":560,"commentCount":1,"publisher":{"@id":"https:\/\/ohrpost.com\/blog\/#\/schema\/person\/f0fbe857de924752e4de0a0f11a17229"},"image":{"@id":"https:\/\/ohrpost.com\/blog\/magazin\/musikmesse-2019-prolight-sound-2019-wird-die-musikmesse-abgeschafft-ein-fazit_4156#primaryimage"},"thumbnailUrl":"https:\/\/ohrpost.com\/blog\/wp-content\/uploads\/2019\/04\/musikmesse_pls_2019_fazit_2.jpg","keywords":["Fazit","Musikmesse","Musikmesse 2019","Prolight+Sound","ProLight+Sound 2019"],"articleSection":["Magazin","Meinung"],"inLanguage":"de","potentialAction":[{"@type":"CommentAction","name":"Comment","target":["https:\/\/ohrpost.com\/blog\/magazin\/musikmesse-2019-prolight-sound-2019-wird-die-musikmesse-abgeschafft-ein-fazit_4156#respond"]}]},{"@type":"WebPage","@id":"https:\/\/ohrpost.com\/blog\/magazin\/musikmesse-2019-prolight-sound-2019-wird-die-musikmesse-abgeschafft-ein-fazit_4156","url":"https:\/\/ohrpost.com\/blog\/magazin\/musikmesse-2019-prolight-sound-2019-wird-die-musikmesse-abgeschafft-ein-fazit_4156","name":"Musikmesse 2019 \/ ProLight + Sound 2019 - Wird die Musikmesse abgeschafft? Ein Fazit! - OHRpost","isPartOf":{"@id":"https:\/\/ohrpost.com\/blog\/#website"},"primaryImageOfPage":{"@id":"https:\/\/ohrpost.com\/blog\/magazin\/musikmesse-2019-prolight-sound-2019-wird-die-musikmesse-abgeschafft-ein-fazit_4156#primaryimage"},"image":{"@id":"https:\/\/ohrpost.com\/blog\/magazin\/musikmesse-2019-prolight-sound-2019-wird-die-musikmesse-abgeschafft-ein-fazit_4156#primaryimage"},"thumbnailUrl":"https:\/\/ohrpost.com\/blog\/wp-content\/uploads\/2019\/04\/musikmesse_pls_2019_fazit_2.jpg","datePublished":"2019-04-05T16:00:08+00:00","breadcrumb":{"@id":"https:\/\/ohrpost.com\/blog\/magazin\/musikmesse-2019-prolight-sound-2019-wird-die-musikmesse-abgeschafft-ein-fazit_4156#breadcrumb"},"inLanguage":"de","potentialAction":[{"@type":"ReadAction","target":["https:\/\/ohrpost.com\/blog\/magazin\/musikmesse-2019-prolight-sound-2019-wird-die-musikmesse-abgeschafft-ein-fazit_4156"]}]},{"@type":"ImageObject","inLanguage":"de","@id":"https:\/\/ohrpost.com\/blog\/magazin\/musikmesse-2019-prolight-sound-2019-wird-die-musikmesse-abgeschafft-ein-fazit_4156#primaryimage","url":"https:\/\/ohrpost.com\/blog\/wp-content\/uploads\/2019\/04\/musikmesse_pls_2019_fazit_2.jpg","contentUrl":"https:\/\/ohrpost.com\/blog\/wp-content\/uploads\/2019\/04\/musikmesse_pls_2019_fazit_2.jpg","width":1500,"height":1053,"caption":"Fr\u00fcher Live-Musik und St\u00e4nde, heute leer."},{"@type":"BreadcrumbList","@id":"https:\/\/ohrpost.com\/blog\/magazin\/musikmesse-2019-prolight-sound-2019-wird-die-musikmesse-abgeschafft-ein-fazit_4156#breadcrumb","itemListElement":[{"@type":"ListItem","position":1,"name":"Startseite","item":"https:\/\/ohrpost.com\/blog"},{"@type":"ListItem","position":2,"name":"Musikmesse 2019 \/ ProLight + Sound 2019 &#8211; Wird die Musikmesse abgeschafft? Ein Fazit!"}]},{"@type":"WebSite","@id":"https:\/\/ohrpost.com\/blog\/#website","url":"https:\/\/ohrpost.com\/blog\/","name":"OHRpost","description":"Musik, Audio, Medien und Gesellschaft","publisher":{"@id":"https:\/\/ohrpost.com\/blog\/#\/schema\/person\/f0fbe857de924752e4de0a0f11a17229"},"potentialAction":[{"@type":"SearchAction","target":{"@type":"EntryPoint","urlTemplate":"https:\/\/ohrpost.com\/blog\/?s={search_term_string}"},"query-input":{"@type":"PropertyValueSpecification","valueRequired":true,"valueName":"search_term_string"}}],"inLanguage":"de"},{"@type":["Person","Organization"],"@id":"https:\/\/ohrpost.com\/blog\/#\/schema\/person\/f0fbe857de924752e4de0a0f11a17229","name":"Florian","logo":{"@id":"https:\/\/ohrpost.com\/blog\/#\/schema\/person\/image\/"},"description":"Ende der 70er geschl\u00fcpft, gleich war klar: \u201eMusik ist mein Ding\u201c. Heute unterwegs als freier Tonmann, Komponist und Trainer\/Dozent.","sameAs":["https:\/\/www.tonkutsche.de\/"]}]}},"_links":{"self":[{"href":"https:\/\/ohrpost.com\/blog\/wp-json\/wp\/v2\/posts\/4156","targetHints":{"allow":["GET"]}}],"collection":[{"href":"https:\/\/ohrpost.com\/blog\/wp-json\/wp\/v2\/posts"}],"about":[{"href":"https:\/\/ohrpost.com\/blog\/wp-json\/wp\/v2\/types\/post"}],"author":[{"embeddable":true,"href":"https:\/\/ohrpost.com\/blog\/wp-json\/wp\/v2\/users\/1"}],"replies":[{"embeddable":true,"href":"https:\/\/ohrpost.com\/blog\/wp-json\/wp\/v2\/comments?post=4156"}],"version-history":[{"count":0,"href":"https:\/\/ohrpost.com\/blog\/wp-json\/wp\/v2\/posts\/4156\/revisions"}],"wp:featuredmedia":[{"embeddable":true,"href":"https:\/\/ohrpost.com\/blog\/wp-json\/wp\/v2\/media\/4161"}],"wp:attachment":[{"href":"https:\/\/ohrpost.com\/blog\/wp-json\/wp\/v2\/media?parent=4156"}],"wp:term":[{"taxonomy":"category","embeddable":true,"href":"https:\/\/ohrpost.com\/blog\/wp-json\/wp\/v2\/categories?post=4156"},{"taxonomy":"post_tag","embeddable":true,"href":"https:\/\/ohrpost.com\/blog\/wp-json\/wp\/v2\/tags?post=4156"}],"curies":[{"name":"wp","href":"https:\/\/api.w.org\/{rel}","templated":true}]}}