{"id":3590,"date":"2018-04-16T16:58:52","date_gmt":"2018-04-16T14:58:52","guid":{"rendered":"http:\/\/ohrpost.com\/blog\/?p=3590"},"modified":"2018-04-17T06:23:18","modified_gmt":"2018-04-17T04:23:18","slug":"musikmesse-2018-prolightnsound-2018-die-messe-zahlen","status":"publish","type":"post","link":"https:\/\/ohrpost.com\/blog\/off-topic\/musikmesse-2018-prolightnsound-2018-die-messe-zahlen_3590","title":{"rendered":"Musikmesse 2018\/ProLight+Sound 2018 &#8211; Die Messe in Zahlen"},"content":{"rendered":"<p><\/span>Am Wochenende hat die Messe Frankfurt Zahlen zur <a href=\"https:\/\/OHRpost.com\/blog\/themen\/ProlightnSound\" target=\"_blank\" rel=\"noopener\">ProLight+Sound<\/a> 2018 und zur <a href=\"https:\/\/OHRpost.com\/blog\/themen\/Musikmesse\" target=\"_blank\" rel=\"noopener\">Musikmesse<\/a>\u00a02018 ver\u00f6ffentlicht.\u00a0<!--more-->Keine gro\u00dfe \u00dcberraschung: Die Messe Frankfurt erkennt einen Aufw\u00e4rtstrend.<\/p>\n\r\n\t\t<style type='text\/css'>\r\n\t\t\t#gallery-1 {\r\n\t\t\t\tmargin: auto;\r\n\t\t\t}\r\n\t\t\t#gallery-1 .gallery-item {\r\n\t\t\t\tfloat: left;\r\n\t\t\t\tmargin-top: 10px;\r\n\t\t\t\ttext-align: center;\r\n\t\t\t\twidth: 33%;\r\n\t\t\t}\r\n\t\t\t#gallery-1 img {\r\n\t\t\t\tborder: 2px solid #cfcfcf;\r\n\t\t\t}\r\n\t\t\t#gallery-1 .gallery-caption {\r\n\t\t\t\tmargin-left: 0;\r\n\t\t\t}\r\n\t\t<\/style>\r\n\t\t<!-- see gallery_shortcode() in wp-includes\/media.php -->\n\t\t<div id='gallery-1' class='gallery galleryid-3590 gallery-columns-3 gallery-size-thumbnail gallery1'><script type=\"text\/javascript\">\r\n\/\/ <![CDATA[\r\n\tjQuery(document).ready(function () {\r\n\t\tjQuery(\".gallery1 a\").attr(\"rel\",\"gallery1\");\t\r\n\t\tjQuery('a[rel=\"gallery1\"]').colorbox({maxWidth:\"95%\", maxHeight:\"95%\",title: function(){ return jQuery(this).children().attr(\"alt\"); }, });\r\n\t});\r\n\/\/ ]]>\r\n<\/script>\n<dl class=\"gallery-item\">\n<dt class=\"gallery-icon\">\r\n<a href=\"https:\/\/ohrpost.com\/blog\/wp-content\/uploads\/2018\/04\/mm_2018_leere_bereiche-300x156.jpg\" title=\"\" rel=\"gallery1\"><img loading=\"lazy\" decoding=\"async\" src=\"https:\/\/ohrpost.com\/blog\/wp-content\/uploads\/2018\/04\/mm_2018_leere_bereiche-150x150.jpg\" width=\"150\" height=\"150\" alt=\"\" \/><\/a>\r\n<\/dt><\/dl><dl class=\"gallery-item\">\n<dt class=\"gallery-icon\">\r\n<a href=\"https:\/\/ohrpost.com\/blog\/wp-content\/uploads\/2016\/04\/musikmesse_2016_eintritt-300x149.jpg\" title=\"Bleiben die Kassen bei der Musikmesse bald leer?\" rel=\"gallery1\"><img loading=\"lazy\" decoding=\"async\" src=\"https:\/\/ohrpost.com\/blog\/wp-content\/uploads\/2016\/04\/musikmesse_2016_eintritt-150x150.jpg\" width=\"150\" height=\"150\" alt=\"Bleiben die Kassen bei der Musikmesse bald leer?\" \/><\/a>\r\n<\/dt><dd class=\"gallery-caption\" id=\"caption2750\"><span class=\"imagecaption\">Bleiben die Kassen bei der Musikmesse bald leer?<\/span><br \/>\n<span class=\"imagedescription\">Bleiben die Kassen bei der Musikmesse bald leer?<\/span><br \/>\n<\/dd><\/dl><dl class=\"gallery-item\">\n<dt class=\"gallery-icon\">\r\n<a href=\"https:\/\/ohrpost.com\/blog\/wp-content\/uploads\/2017\/04\/leer_messe2017-300x197.jpg\" title=\"\" rel=\"gallery1\"><img loading=\"lazy\" decoding=\"async\" src=\"https:\/\/ohrpost.com\/blog\/wp-content\/uploads\/2017\/04\/leer_messe2017-150x150.jpg\" width=\"150\" height=\"150\" alt=\"\" \/><\/a>\r\n<\/dt><\/dl><br style=\"clear: both\" \/><dl class=\"gallery-item\">\n<dt class=\"gallery-icon\">\r\n<a href=\"https:\/\/ohrpost.com\/blog\/wp-content\/uploads\/2017\/04\/pano_musikmesse_2017_leer-300x141.jpg\" title=\"Leere Hallen auf der Messe?\" rel=\"gallery1\"><img loading=\"lazy\" decoding=\"async\" src=\"https:\/\/ohrpost.com\/blog\/wp-content\/uploads\/2017\/04\/pano_musikmesse_2017_leer-150x150.jpg\" width=\"150\" height=\"150\" alt=\"Leere Hallen auf der Messe?\" \/><\/a>\r\n<\/dt><dd class=\"gallery-caption\" id=\"caption3095\"><span class=\"imagecaption\">Leere Hallen auf der Messe?<\/span><br \/>\n<span class=\"imagedescription\">Leere Hallen auf der Messe?<\/span><br \/>\n<\/dd><\/dl><dl class=\"gallery-item\">\n<dt class=\"gallery-icon\">\r\n<a href=\"https:\/\/ohrpost.com\/blog\/wp-content\/uploads\/2011\/04\/leerer_stand-300x225.jpg\" title=\"\" rel=\"gallery1\"><img loading=\"lazy\" decoding=\"async\" src=\"https:\/\/ohrpost.com\/blog\/wp-content\/uploads\/2011\/04\/leerer_stand-150x150.jpg\" width=\"150\" height=\"150\" alt=\"\" \/><\/a>\r\n<\/dt><\/dl><dl class=\"gallery-item\">\n<dt class=\"gallery-icon\">\r\n<a href=\"https:\/\/ohrpost.com\/blog\/wp-content\/uploads\/2016\/04\/musikmesse_2016_leerstand-300x131.jpg\" title=\"\" rel=\"gallery1\"><img loading=\"lazy\" decoding=\"async\" src=\"https:\/\/ohrpost.com\/blog\/wp-content\/uploads\/2016\/04\/musikmesse_2016_leerstand-150x150.jpg\" width=\"150\" height=\"150\" alt=\"\" \/><\/a>\r\n<\/dt><\/dl><br style=\"clear: both\" \/>\r\n\t\t<\/div>\n\n<p>Ich pers\u00f6nlich bin da doch etwas skeptisch. In der gemeinsamen Presseerkl\u00e4rung zur ProLight+Sound und der Musikmesse werden 1.803 Unternehmen aus 56 L\u00e4ndern benannt. <a href=\"https:\/\/OHRpost.com\/blog\/musik\/musikmesse-2014-zahlen-und-fakten_2114\" target=\"_blank\" rel=\"noopener\">2014<\/a> waren es noch 2.242, 2013 sogar 2.285. Das ist ein R\u00fcckgang von ca. 20%. \u00dcber 90.000 Besucher sollen sich auf dem Messegel\u00e4nde eingefunden haben. 2014\/2013 waren es 107.629 bzw. ca. 113.000. Das entspricht einem R\u00fcckgang um gut 16% bzw. gut 20%. Zugegeben: Gemessen an 2017 k\u00f6nnte man einen Aufw\u00e4rtstrend verzeichnen.<\/p>\n<p>Von den Ausstellern bekommt die Messe Frankfurt, nach eigenen Aussagen, ein positives Echo. Es wurde die hohe Besucherqualit\u00e4t gelobt und der fachliche Austausch an den Werktagen wurde ebenso positiv bewertet. Der Fachbesucheranteil ist um 10% gestiegen und\u00a0 7% Steigerung gibt die Messe f\u00fcr die Ausstellerzufriedenheit an.<\/p>\n<p>2019 wird die Musikmesse wieder zeitgleich mit der ProLight+Sound stattfinden (endlich wieder): Vom Dienstag, den 02. April 2019 bis zum Freitag, den 05. April 2019 werden die (Fach-)Besucher wieder auf dem Messegel\u00e4nde empfangen. Die Messe Frankfurt spricht dabei von einer Weiterentwicklung der beiden Messen. Ich finde diese Einsch\u00e4tzung etwas seltsam, da es bereits als Fortschritt gesehen wurde, die Messen zeitlich auseinander zu ziehen und auch r\u00e4umlich auf dem Gel\u00e4nde zu separieren. Der Messebesuch wurde damit zur Wanderung. Aber auch die r\u00e4umliche Trennung soll im n\u00e4chsten Jahr wieder reduziert werden. Ein Vorgeschmack gab es bereits mit Halle 4.1 in diesem Jahr. Wie genau das \"dynamische\" Messekonzept (wie sich die Messe Frankfurt ausdr\u00fcckt) 2019 aussehen wird, ist wohl noch nicht 100%ig klar, man k\u00fcndigt Details zur Weiterentwicklung des Messeduos in K\u00fcrze an.<\/p>\n<p>Sehen wir uns 2019? Ich hoffe doch!<\/p>\n<p><span class=\"badge\" title=\"Bei diesem Link handelt es sich um Werbung!\" style=\"font-size:0.65em; margin-right:2px;\">Werbung:<\/span><\/p>\n<h4>Mitbringsel f\u00fcr Musiker <\/h4>\n<div id=\"carousel-example-generic\" class=\"carousel slide\" data-ride=\"carousel\" data-interval=\"2500\">\n<div class=\"carousel-inner\" role=\"listbox\">\n<div class=\"item active\"><a target=\"_blank\"  href=\"https:\/\/www.amazon.de\/gp\/offer-listing\/B00Y2HKOCQ\/ref=as_li_tl?ie=UTF8&camp=1638&creative=6742&creativeASIN=B00Y2HKOCQ&linkCode=as2&tag=tonkaudiserv-21&linkId=34feeae337fb4e2c4cb143fe77ed35fb\"><img decoding=\"async\" border=\"0\" src=\"\/\/ws-eu.amazon-adsystem.com\/widgets\/q?_encoding=UTF8&MarketPlace=DE&ASIN=B00Y2HKOCQ&ServiceVersion=20070822&ID=AsinImage&WS=1&Format=_SL160_&tag=tonkaudiserv-21\" align=\"center\" ><\/a><a target=\"_blank\"  href=\"https:\/\/www.amazon.de\/gp\/offer-listing\/B004A21K9O\/ref=as_li_tl?ie=UTF8&camp=1638&creative=6742&creativeASIN=B004A21K9O&linkCode=as2&tag=tonkaudiserv-21&linkId=34feeae337fb4e2c4cb143fe77ed35fb\"><img decoding=\"async\" border=\"0\" src=\"\/\/ws-eu.amazon-adsystem.com\/widgets\/q?_encoding=UTF8&MarketPlace=DE&ASIN=B004A21K9O&ServiceVersion=20070822&ID=AsinImage&WS=1&Format=_SL160_&tag=tonkaudiserv-21\" align=\"center\" ><\/a><a target=\"_blank\"  href=\"https:\/\/www.amazon.de\/gp\/offer-listing\/B007N453B2\/ref=as_li_tl?ie=UTF8&camp=1638&creative=6742&creativeASIN=B007N453B2&linkCode=as2&tag=tonkaudiserv-21&linkId=34feeae337fb4e2c4cb143fe77ed35fb\"><img decoding=\"async\" border=\"0\" src=\"\/\/ws-eu.amazon-adsystem.com\/widgets\/q?_encoding=UTF8&MarketPlace=DE&ASIN=B007N453B2&ServiceVersion=20070822&ID=AsinImage&WS=1&Format=_SL160_&tag=tonkaudiserv-21\" align=\"center\" ><\/a><\/div>\n<div class=\"item\"><a target=\"_blank\"  href=\"https:\/\/www.amazon.de\/gp\/offer-listing\/B00S4RA2VI\/ref=as_li_tl?ie=UTF8&camp=1638&creative=6742&creativeASIN=B00S4RA2VI&linkCode=as2&tag=tonkaudiserv-21&linkId=34feeae337fb4e2c4cb143fe77ed35fb\"><img decoding=\"async\" border=\"0\" src=\"\/\/ws-eu.amazon-adsystem.com\/widgets\/q?_encoding=UTF8&MarketPlace=DE&ASIN=B00S4RA2VI&ServiceVersion=20070822&ID=AsinImage&WS=1&Format=_SL160_&tag=tonkaudiserv-21\" align=\"center\" ><\/a><a target=\"_blank\"  href=\"https:\/\/www.amazon.de\/gp\/offer-listing\/B00OFV6N0Q\/ref=as_li_tl?ie=UTF8&camp=1638&creative=6742&creativeASIN=B00OFV6N0Q&linkCode=as2&tag=tonkaudiserv-21&linkId=34feeae337fb4e2c4cb143fe77ed35fb\"><img decoding=\"async\" border=\"0\" src=\"\/\/ws-eu.amazon-adsystem.com\/widgets\/q?_encoding=UTF8&MarketPlace=DE&ASIN=B00OFV6N0Q&ServiceVersion=20070822&ID=AsinImage&WS=1&Format=_SL160_&tag=tonkaudiserv-21\" align=\"center\" ><\/a><a target=\"_blank\"  href=\"https:\/\/www.amazon.de\/gp\/offer-listing\/B005QJOOWK\/ref=as_li_tl?ie=UTF8&camp=1638&creative=6742&creativeASIN=B005QJOOWK&linkCode=as2&tag=tonkaudiserv-21&linkId=34feeae337fb4e2c4cb143fe77ed35fb\"><img decoding=\"async\" border=\"0\" src=\"\/\/ws-eu.amazon-adsystem.com\/widgets\/q?_encoding=UTF8&MarketPlace=DE&ASIN=B005QJOOWK&ServiceVersion=20070822&ID=AsinImage&WS=1&Format=_SL160_&tag=tonkaudiserv-21\" align=\"center\" ><\/a><\/div>\n<div class=\"item\"><a target=\"_blank\"  href=\"https:\/\/www.amazon.de\/gp\/offer-listing\/B00QONTFMG\/ref=as_li_tl?ie=UTF8&camp=1638&creative=6742&creativeASIN=B00QONTFMG&linkCode=as2&tag=tonkaudiserv-21&linkId=34feeae337fb4e2c4cb143fe77ed35fb\"><img decoding=\"async\" border=\"0\" src=\"\/\/ws-eu.amazon-adsystem.com\/widgets\/q?_encoding=UTF8&MarketPlace=DE&ASIN=B00QONTFMG&ServiceVersion=20070822&ID=AsinImage&WS=1&Format=_SL160_&tag=tonkaudiserv-21\" align=\"center\" ><\/a><a target=\"_blank\"  href=\"https:\/\/www.amazon.de\/gp\/offer-listing\/B00EJLM022\/ref=as_li_tl?ie=UTF8&camp=1638&creative=6742&creativeASIN=B00EJLM022&linkCode=as2&tag=tonkaudiserv-21&linkId=34feeae337fb4e2c4cb143fe77ed35fb\"><img decoding=\"async\" border=\"0\" src=\"\/\/ws-eu.amazon-adsystem.com\/widgets\/q?_encoding=UTF8&MarketPlace=DE&ASIN=B00EJLM022&ServiceVersion=20070822&ID=AsinImage&WS=1&Format=_SL160_&tag=tonkaudiserv-21\" align=\"center\" ><\/a><a target=\"_blank\"  href=\"https:\/\/www.amazon.de\/gp\/offer-listing\/3110371014\/ref=as_li_tl?ie=UTF8&camp=1638&creative=6742&creativeASIN=3110371014&linkCode=as2&tag=tonkaudiserv-21&linkId=34feeae337fb4e2c4cb143fe77ed35fb\"><img decoding=\"async\" border=\"0\" src=\"\/\/ws-eu.amazon-adsystem.com\/widgets\/q?_encoding=UTF8&MarketPlace=DE&ASIN=3110371014&ServiceVersion=20070822&ID=AsinImage&WS=1&Format=_SL160_&tag=tonkaudiserv-21\" align=\"center\" ><\/a><\/div>\n<div class=\"item\"><a target=\"_blank\"  href=\"https:\/\/www.amazon.de\/gp\/offer-listing\/B00CPKSM1W\/ref=as_li_tl?ie=UTF8&camp=1638&creative=6742&creativeASIN=B00CPKSM1W&linkCode=as2&tag=tonkaudiserv-21&linkId=34feeae337fb4e2c4cb143fe77ed35fb\"><img decoding=\"async\" border=\"0\" src=\"\/\/ws-eu.amazon-adsystem.com\/widgets\/q?_encoding=UTF8&MarketPlace=DE&ASIN=B00CPKSM1W&ServiceVersion=20070822&ID=AsinImage&WS=1&Format=_SL160_&tag=tonkaudiserv-21\" align=\"center\" ><\/a><a target=\"_blank\"  href=\"https:\/\/www.amazon.de\/gp\/offer-listing\/B006FGXS3O\/ref=as_li_tl?ie=UTF8&camp=1638&creative=6742&creativeASIN=B006FGXS3O&linkCode=as2&tag=tonkaudiserv-21&linkId=34feeae337fb4e2c4cb143fe77ed35fb\"><img decoding=\"async\" border=\"0\" src=\"\/\/ws-eu.amazon-adsystem.com\/widgets\/q?_encoding=UTF8&MarketPlace=DE&ASIN=B006FGXS3O&ServiceVersion=20070822&ID=AsinImage&WS=1&Format=_SL160_&tag=tonkaudiserv-21\" align=\"center\" ><\/a><a target=\"_blank\"  href=\"https:\/\/www.amazon.de\/gp\/offer-listing\/B00CX2ZQUC\/ref=as_li_tl?ie=UTF8&camp=1638&creative=6742&creativeASIN=B00CX2ZQUC&linkCode=as2&tag=tonkaudiserv-21&linkId=34feeae337fb4e2c4cb143fe77ed35fb\"><img decoding=\"async\" border=\"0\" src=\"\/\/ws-eu.amazon-adsystem.com\/widgets\/q?_encoding=UTF8&MarketPlace=DE&ASIN=B00CX2ZQUC&ServiceVersion=20070822&ID=AsinImage&WS=1&Format=_SL160_&tag=tonkaudiserv-21\" align=\"center\" ><\/a><\/div>\n<div class=\"item\"><a target=\"_blank\"  href=\"https:\/\/www.amazon.de\/gp\/offer-listing\/B00GYYF9N4\/ref=as_li_tl?ie=UTF8&camp=1638&creative=6742&creativeASIN=B00GYYF9N4&linkCode=as2&tag=tonkaudiserv-21&linkId=34feeae337fb4e2c4cb143fe77ed35fb\"><img decoding=\"async\" border=\"0\" src=\"\/\/ws-eu.amazon-adsystem.com\/widgets\/q?_encoding=UTF8&MarketPlace=DE&ASIN=B00GYYF9N4&ServiceVersion=20070822&ID=AsinImage&WS=1&Format=_SL160_&tag=tonkaudiserv-21\" align=\"center\" ><\/a>\n                                <\/div>\n<\/div><\/div>\n","protected":false},"excerpt":{"rendered":"<p>Am Wochenende hat die Messe Frankfurt Zahlen zur ProLight+Sound 2018 und zur Musikmesse\u00a02018 ver\u00f6ffentlicht.\u00a0Keine gro\u00dfe \u00dcberraschung: Die Messe Frankfurt erkennt einen Aufw\u00e4rtstrend.<\/p>\n","protected":false},"author":1,"featured_media":435,"comment_status":"open","ping_status":"open","sticky":false,"template":"","format":"standard","meta":{"footnotes":"","_wpscppro_custom_social_share_image":0,"_facebook_share_type":"","_twitter_share_type":"","_linkedin_share_type":"","_pinterest_share_type":"","_linkedin_share_type_page":"","_instagram_share_type":"","_medium_share_type":"","_threads_share_type":"","_selected_social_profile":[]},"categories":[16,17,15],"tags":[1546,1187,580,203,204,1545],"class_list":["post-3590","post","type-post","status-publish","format-standard","has-post-thumbnail","hentry","category-magazin","category-meinung","category-off-topic","tag-analyse","tag-meinung","tag-messe","tag-musikmesse","tag-prolightsound","tag-zahlen"],"yoast_head":"<!-- This site is optimized with the Yoast SEO plugin v24.6 - https:\/\/yoast.com\/wordpress\/plugins\/seo\/ -->\n<title>Musikmesse 2018\/ProLight+Sound 2018 - Die Messe in Zahlen - OHRpost<\/title>\n<meta name=\"robots\" content=\"index, follow, max-snippet:-1, max-image-preview:large, max-video-preview:-1\" \/>\n<link rel=\"canonical\" href=\"https:\/\/ohrpost.com\/blog\/off-topic\/musikmesse-2018-prolightnsound-2018-die-messe-zahlen_3590\" \/>\n<meta property=\"og:locale\" content=\"de_DE\" \/>\n<meta property=\"og:type\" content=\"article\" \/>\n<meta property=\"og:title\" content=\"Musikmesse 2018\/ProLight+Sound 2018 - Die Messe in Zahlen - OHRpost\" \/>\n<meta property=\"og:description\" content=\"Am Wochenende hat die Messe Frankfurt Zahlen zur ProLight+Sound 2018 und zur Musikmesse\u00a02018 ver\u00f6ffentlicht.\u00a0Keine gro\u00dfe \u00dcberraschung: Die Messe Frankfurt erkennt einen Aufw\u00e4rtstrend.\" \/>\n<meta property=\"og:url\" content=\"https:\/\/ohrpost.com\/blog\/off-topic\/musikmesse-2018-prolightnsound-2018-die-messe-zahlen_3590\" \/>\n<meta property=\"og:site_name\" content=\"OHRpost\" \/>\n<meta property=\"article:published_time\" content=\"2018-04-16T14:58:52+00:00\" \/>\n<meta property=\"article:modified_time\" content=\"2018-04-17T04:23:18+00:00\" \/>\n<meta property=\"og:image\" content=\"https:\/\/ohrpost.com\/blog\/wp-content\/uploads\/2011\/04\/messe2011.jpg\" \/>\n\t<meta property=\"og:image:width\" content=\"560\" \/>\n\t<meta property=\"og:image:height\" content=\"370\" \/>\n\t<meta property=\"og:image:type\" content=\"image\/jpeg\" \/>\n<meta name=\"author\" content=\"Florian\" \/>\n<meta name=\"twitter:card\" content=\"summary_large_image\" \/>\n<meta name=\"twitter:label1\" content=\"Verfasst von\" \/>\n\t<meta name=\"twitter:data1\" content=\"Florian\" \/>\n\t<meta name=\"twitter:label2\" content=\"Gesch\u00e4tzte Lesezeit\" \/>\n\t<meta name=\"twitter:data2\" content=\"2\u00a0Minuten\" \/>\n<script type=\"application\/ld+json\" class=\"yoast-schema-graph\">{\"@context\":\"https:\/\/schema.org\",\"@graph\":[{\"@type\":\"Article\",\"@id\":\"https:\/\/ohrpost.com\/blog\/off-topic\/musikmesse-2018-prolightnsound-2018-die-messe-zahlen_3590#article\",\"isPartOf\":{\"@id\":\"https:\/\/ohrpost.com\/blog\/off-topic\/musikmesse-2018-prolightnsound-2018-die-messe-zahlen_3590\"},\"author\":{\"name\":\"Florian\",\"@id\":\"https:\/\/ohrpost.com\/blog\/#\/schema\/person\/f0fbe857de924752e4de0a0f11a17229\"},\"headline\":\"Musikmesse 2018\/ProLight+Sound 2018 &#8211; Die Messe in Zahlen\",\"datePublished\":\"2018-04-16T14:58:52+00:00\",\"dateModified\":\"2018-04-17T04:23:18+00:00\",\"mainEntityOfPage\":{\"@id\":\"https:\/\/ohrpost.com\/blog\/off-topic\/musikmesse-2018-prolightnsound-2018-die-messe-zahlen_3590\"},\"wordCount\":338,\"commentCount\":1,\"publisher\":{\"@id\":\"https:\/\/ohrpost.com\/blog\/#\/schema\/person\/f0fbe857de924752e4de0a0f11a17229\"},\"image\":{\"@id\":\"https:\/\/ohrpost.com\/blog\/off-topic\/musikmesse-2018-prolightnsound-2018-die-messe-zahlen_3590#primaryimage\"},\"thumbnailUrl\":\"https:\/\/ohrpost.com\/blog\/wp-content\/uploads\/2011\/04\/messe2011.jpg\",\"keywords\":[\"Analyse\",\"Meinung\",\"Messe\",\"Musikmesse\",\"Prolight+Sound\",\"Zahlen\"],\"articleSection\":[\"Magazin\",\"Meinung\",\"Off Topic\"],\"inLanguage\":\"de\",\"potentialAction\":[{\"@type\":\"CommentAction\",\"name\":\"Comment\",\"target\":[\"https:\/\/ohrpost.com\/blog\/off-topic\/musikmesse-2018-prolightnsound-2018-die-messe-zahlen_3590#respond\"]}]},{\"@type\":\"WebPage\",\"@id\":\"https:\/\/ohrpost.com\/blog\/off-topic\/musikmesse-2018-prolightnsound-2018-die-messe-zahlen_3590\",\"url\":\"https:\/\/ohrpost.com\/blog\/off-topic\/musikmesse-2018-prolightnsound-2018-die-messe-zahlen_3590\",\"name\":\"Musikmesse 2018\/ProLight+Sound 2018 - Die Messe in Zahlen - OHRpost\",\"isPartOf\":{\"@id\":\"https:\/\/ohrpost.com\/blog\/#website\"},\"primaryImageOfPage\":{\"@id\":\"https:\/\/ohrpost.com\/blog\/off-topic\/musikmesse-2018-prolightnsound-2018-die-messe-zahlen_3590#primaryimage\"},\"image\":{\"@id\":\"https:\/\/ohrpost.com\/blog\/off-topic\/musikmesse-2018-prolightnsound-2018-die-messe-zahlen_3590#primaryimage\"},\"thumbnailUrl\":\"https:\/\/ohrpost.com\/blog\/wp-content\/uploads\/2011\/04\/messe2011.jpg\",\"datePublished\":\"2018-04-16T14:58:52+00:00\",\"dateModified\":\"2018-04-17T04:23:18+00:00\",\"breadcrumb\":{\"@id\":\"https:\/\/ohrpost.com\/blog\/off-topic\/musikmesse-2018-prolightnsound-2018-die-messe-zahlen_3590#breadcrumb\"},\"inLanguage\":\"de\",\"potentialAction\":[{\"@type\":\"ReadAction\",\"target\":[\"https:\/\/ohrpost.com\/blog\/off-topic\/musikmesse-2018-prolightnsound-2018-die-messe-zahlen_3590\"]}]},{\"@type\":\"ImageObject\",\"inLanguage\":\"de\",\"@id\":\"https:\/\/ohrpost.com\/blog\/off-topic\/musikmesse-2018-prolightnsound-2018-die-messe-zahlen_3590#primaryimage\",\"url\":\"https:\/\/ohrpost.com\/blog\/wp-content\/uploads\/2011\/04\/messe2011.jpg\",\"contentUrl\":\"https:\/\/ohrpost.com\/blog\/wp-content\/uploads\/2011\/04\/messe2011.jpg\",\"width\":\"560\",\"height\":\"370\"},{\"@type\":\"BreadcrumbList\",\"@id\":\"https:\/\/ohrpost.com\/blog\/off-topic\/musikmesse-2018-prolightnsound-2018-die-messe-zahlen_3590#breadcrumb\",\"itemListElement\":[{\"@type\":\"ListItem\",\"position\":1,\"name\":\"Startseite\",\"item\":\"https:\/\/ohrpost.com\/blog\"},{\"@type\":\"ListItem\",\"position\":2,\"name\":\"Musikmesse 2018\/ProLight+Sound 2018 &#8211; Die Messe in Zahlen\"}]},{\"@type\":\"WebSite\",\"@id\":\"https:\/\/ohrpost.com\/blog\/#website\",\"url\":\"https:\/\/ohrpost.com\/blog\/\",\"name\":\"OHRpost\",\"description\":\"Musik, Audio, Medien und Gesellschaft\",\"publisher\":{\"@id\":\"https:\/\/ohrpost.com\/blog\/#\/schema\/person\/f0fbe857de924752e4de0a0f11a17229\"},\"potentialAction\":[{\"@type\":\"SearchAction\",\"target\":{\"@type\":\"EntryPoint\",\"urlTemplate\":\"https:\/\/ohrpost.com\/blog\/?s={search_term_string}\"},\"query-input\":{\"@type\":\"PropertyValueSpecification\",\"valueRequired\":true,\"valueName\":\"search_term_string\"}}],\"inLanguage\":\"de\"},{\"@type\":[\"Person\",\"Organization\"],\"@id\":\"https:\/\/ohrpost.com\/blog\/#\/schema\/person\/f0fbe857de924752e4de0a0f11a17229\",\"name\":\"Florian\",\"logo\":{\"@id\":\"https:\/\/ohrpost.com\/blog\/#\/schema\/person\/image\/\"},\"description\":\"Ende der 70er geschl\u00fcpft, gleich war klar: \u201eMusik ist mein Ding\u201c. Heute unterwegs als freier Tonmann, Komponist und Trainer\/Dozent.\",\"sameAs\":[\"https:\/\/www.tonkutsche.de\/\"]}]}<\/script>\n<!-- \/ Yoast SEO plugin. -->","yoast_head_json":{"title":"Musikmesse 2018\/ProLight+Sound 2018 - Die Messe in Zahlen - OHRpost","robots":{"index":"index","follow":"follow","max-snippet":"max-snippet:-1","max-image-preview":"max-image-preview:large","max-video-preview":"max-video-preview:-1"},"canonical":"https:\/\/ohrpost.com\/blog\/off-topic\/musikmesse-2018-prolightnsound-2018-die-messe-zahlen_3590","og_locale":"de_DE","og_type":"article","og_title":"Musikmesse 2018\/ProLight+Sound 2018 - Die Messe in Zahlen - OHRpost","og_description":"Am Wochenende hat die Messe Frankfurt Zahlen zur ProLight+Sound 2018 und zur Musikmesse\u00a02018 ver\u00f6ffentlicht.\u00a0Keine gro\u00dfe \u00dcberraschung: Die Messe Frankfurt erkennt einen Aufw\u00e4rtstrend.","og_url":"https:\/\/ohrpost.com\/blog\/off-topic\/musikmesse-2018-prolightnsound-2018-die-messe-zahlen_3590","og_site_name":"OHRpost","article_published_time":"2018-04-16T14:58:52+00:00","article_modified_time":"2018-04-17T04:23:18+00:00","og_image":[{"width":560,"height":370,"url":"https:\/\/ohrpost.com\/blog\/wp-content\/uploads\/2011\/04\/messe2011.jpg","type":"image\/jpeg"}],"author":"Florian","twitter_card":"summary_large_image","twitter_misc":{"Verfasst von":"Florian","Gesch\u00e4tzte Lesezeit":"2\u00a0Minuten"},"schema":{"@context":"https:\/\/schema.org","@graph":[{"@type":"Article","@id":"https:\/\/ohrpost.com\/blog\/off-topic\/musikmesse-2018-prolightnsound-2018-die-messe-zahlen_3590#article","isPartOf":{"@id":"https:\/\/ohrpost.com\/blog\/off-topic\/musikmesse-2018-prolightnsound-2018-die-messe-zahlen_3590"},"author":{"name":"Florian","@id":"https:\/\/ohrpost.com\/blog\/#\/schema\/person\/f0fbe857de924752e4de0a0f11a17229"},"headline":"Musikmesse 2018\/ProLight+Sound 2018 &#8211; Die Messe in Zahlen","datePublished":"2018-04-16T14:58:52+00:00","dateModified":"2018-04-17T04:23:18+00:00","mainEntityOfPage":{"@id":"https:\/\/ohrpost.com\/blog\/off-topic\/musikmesse-2018-prolightnsound-2018-die-messe-zahlen_3590"},"wordCount":338,"commentCount":1,"publisher":{"@id":"https:\/\/ohrpost.com\/blog\/#\/schema\/person\/f0fbe857de924752e4de0a0f11a17229"},"image":{"@id":"https:\/\/ohrpost.com\/blog\/off-topic\/musikmesse-2018-prolightnsound-2018-die-messe-zahlen_3590#primaryimage"},"thumbnailUrl":"https:\/\/ohrpost.com\/blog\/wp-content\/uploads\/2011\/04\/messe2011.jpg","keywords":["Analyse","Meinung","Messe","Musikmesse","Prolight+Sound","Zahlen"],"articleSection":["Magazin","Meinung","Off Topic"],"inLanguage":"de","potentialAction":[{"@type":"CommentAction","name":"Comment","target":["https:\/\/ohrpost.com\/blog\/off-topic\/musikmesse-2018-prolightnsound-2018-die-messe-zahlen_3590#respond"]}]},{"@type":"WebPage","@id":"https:\/\/ohrpost.com\/blog\/off-topic\/musikmesse-2018-prolightnsound-2018-die-messe-zahlen_3590","url":"https:\/\/ohrpost.com\/blog\/off-topic\/musikmesse-2018-prolightnsound-2018-die-messe-zahlen_3590","name":"Musikmesse 2018\/ProLight+Sound 2018 - Die Messe in Zahlen - OHRpost","isPartOf":{"@id":"https:\/\/ohrpost.com\/blog\/#website"},"primaryImageOfPage":{"@id":"https:\/\/ohrpost.com\/blog\/off-topic\/musikmesse-2018-prolightnsound-2018-die-messe-zahlen_3590#primaryimage"},"image":{"@id":"https:\/\/ohrpost.com\/blog\/off-topic\/musikmesse-2018-prolightnsound-2018-die-messe-zahlen_3590#primaryimage"},"thumbnailUrl":"https:\/\/ohrpost.com\/blog\/wp-content\/uploads\/2011\/04\/messe2011.jpg","datePublished":"2018-04-16T14:58:52+00:00","dateModified":"2018-04-17T04:23:18+00:00","breadcrumb":{"@id":"https:\/\/ohrpost.com\/blog\/off-topic\/musikmesse-2018-prolightnsound-2018-die-messe-zahlen_3590#breadcrumb"},"inLanguage":"de","potentialAction":[{"@type":"ReadAction","target":["https:\/\/ohrpost.com\/blog\/off-topic\/musikmesse-2018-prolightnsound-2018-die-messe-zahlen_3590"]}]},{"@type":"ImageObject","inLanguage":"de","@id":"https:\/\/ohrpost.com\/blog\/off-topic\/musikmesse-2018-prolightnsound-2018-die-messe-zahlen_3590#primaryimage","url":"https:\/\/ohrpost.com\/blog\/wp-content\/uploads\/2011\/04\/messe2011.jpg","contentUrl":"https:\/\/ohrpost.com\/blog\/wp-content\/uploads\/2011\/04\/messe2011.jpg","width":"560","height":"370"},{"@type":"BreadcrumbList","@id":"https:\/\/ohrpost.com\/blog\/off-topic\/musikmesse-2018-prolightnsound-2018-die-messe-zahlen_3590#breadcrumb","itemListElement":[{"@type":"ListItem","position":1,"name":"Startseite","item":"https:\/\/ohrpost.com\/blog"},{"@type":"ListItem","position":2,"name":"Musikmesse 2018\/ProLight+Sound 2018 &#8211; Die Messe in Zahlen"}]},{"@type":"WebSite","@id":"https:\/\/ohrpost.com\/blog\/#website","url":"https:\/\/ohrpost.com\/blog\/","name":"OHRpost","description":"Musik, Audio, Medien und Gesellschaft","publisher":{"@id":"https:\/\/ohrpost.com\/blog\/#\/schema\/person\/f0fbe857de924752e4de0a0f11a17229"},"potentialAction":[{"@type":"SearchAction","target":{"@type":"EntryPoint","urlTemplate":"https:\/\/ohrpost.com\/blog\/?s={search_term_string}"},"query-input":{"@type":"PropertyValueSpecification","valueRequired":true,"valueName":"search_term_string"}}],"inLanguage":"de"},{"@type":["Person","Organization"],"@id":"https:\/\/ohrpost.com\/blog\/#\/schema\/person\/f0fbe857de924752e4de0a0f11a17229","name":"Florian","logo":{"@id":"https:\/\/ohrpost.com\/blog\/#\/schema\/person\/image\/"},"description":"Ende der 70er geschl\u00fcpft, gleich war klar: \u201eMusik ist mein Ding\u201c. Heute unterwegs als freier Tonmann, Komponist und Trainer\/Dozent.","sameAs":["https:\/\/www.tonkutsche.de\/"]}]}},"_links":{"self":[{"href":"https:\/\/ohrpost.com\/blog\/wp-json\/wp\/v2\/posts\/3590","targetHints":{"allow":["GET"]}}],"collection":[{"href":"https:\/\/ohrpost.com\/blog\/wp-json\/wp\/v2\/posts"}],"about":[{"href":"https:\/\/ohrpost.com\/blog\/wp-json\/wp\/v2\/types\/post"}],"author":[{"embeddable":true,"href":"https:\/\/ohrpost.com\/blog\/wp-json\/wp\/v2\/users\/1"}],"replies":[{"embeddable":true,"href":"https:\/\/ohrpost.com\/blog\/wp-json\/wp\/v2\/comments?post=3590"}],"version-history":[{"count":0,"href":"https:\/\/ohrpost.com\/blog\/wp-json\/wp\/v2\/posts\/3590\/revisions"}],"wp:featuredmedia":[{"embeddable":true,"href":"https:\/\/ohrpost.com\/blog\/wp-json\/wp\/v2\/media\/435"}],"wp:attachment":[{"href":"https:\/\/ohrpost.com\/blog\/wp-json\/wp\/v2\/media?parent=3590"}],"wp:term":[{"taxonomy":"category","embeddable":true,"href":"https:\/\/ohrpost.com\/blog\/wp-json\/wp\/v2\/categories?post=3590"},{"taxonomy":"post_tag","embeddable":true,"href":"https:\/\/ohrpost.com\/blog\/wp-json\/wp\/v2\/tags?post=3590"}],"curies":[{"name":"wp","href":"https:\/\/api.w.org\/{rel}","templated":true}]}}